{"@context":"http:\/\/schema.org","@type":"Article","author":{"@type":"Organization","logo":{"@type":"ImageObject","url":"https:\/\/www.hannover.de\/build\/images\/footer-logo-black.svg"},"name":"Hannover.de"},"dateCreated":"2026-09-02T15:17:37+02:00","dateModified":"2026-09-02T15:31:17+02:00","datePublished":"2026-09-02T15:17:37+02:00","headline":"Stra\u00dfensperrungen am Entdeckertag","isAccessibleForFree":true,"publisher":{"@type":"Organization","logo":{"@type":"ImageObject","url":"https:\/\/www.hannover.de\/build\/images\/footer-logo-black.svg"},"name":"Hannover.de"},"mainEntityOfPage":{"@type":"WebPage","@id":"https:\/\/www.entdeckertag.de\/Service\/Stra\u00dfensperrungen-am-Entdeckertag","breadcrumb":{"@type":"BreadcrumbList","itemListElement":[{"@type":"ListItem","item":{"@type":"WebPage","@id":"https:\/\/www.entdeckertag.de\/","name":"39. Entdeckertag"},"position":1},{"@type":"ListItem","item":{"@type":"WebPage","@id":"https:\/\/www.entdeckertag.de\/Service","name":"Service"},"position":2},{"@type":"ListItem","item":{"@type":"WebPage","@id":"https:\/\/www.entdeckertag.de\/Service\/Stra\u00dfensperrungen-am-Entdeckertag","name":"Stra\u00dfensperrungen am Entdeckertag"},"position":3}],"itemListOrder":"Ascending","numberOfItems":3},"name":"Stra\u00dfensperrungen am Entdeckertag","url":"https:\/\/www.entdeckertag.de\/Service\/Stra\u00dfensperrungen-am-Entdeckertag"},"name":"Stra\u00dfensperrungen am Entdeckertag","url":"https:\/\/www.entdeckertag.de\/Service\/Stra\u00dfensperrungen-am-Entdeckertag"}